{"id":356,"date":"2023-01-13T00:45:43","date_gmt":"2023-01-13T03:45:43","guid":{"rendered":"https:\/\/nerdsfans-com-br.preview-domain.com\/?p=356"},"modified":"2023-01-13T00:45:45","modified_gmt":"2023-01-13T03:45:45","slug":"no-hospital-jeremy-renner-anuncia-2a-temporada-de-serie-vamos-nessaaaaa","status":"publish","type":"post","link":"http:\/\/nerdsfans.com.br\/?p=356","title":{"rendered":"No hospital, Jeremy Renner anuncia 2\u00aa temporada de s\u00e9rie. \u201c<em><strong>Vamos nessaaaaa!<\/strong>\u201d.<\/em>"},"content":{"rendered":"\n<figure class=\"wp-block-image\"><img decoding=\"async\" src=\"https:\/\/www.einerd.com.br\/wp-content\/uploads\/2023\/01\/jeremy-renner-apos-acidente-890x466.jpg\" alt=\"O trabalho n\u00e3o para! No hospital, Jeremy Renner anuncia 2\u00aa temporada de s\u00e9rie\"\/><\/figure>\n\n\n\n<p>O ator<strong>\u00a0Jeremy Renner<\/strong>, que ainda est\u00e1 internado no hospital, anunciou a data de\u00a0<strong>estreia da 2\u00aa temporada de Mayor of Kingstown<\/strong> <strong>(O Dono de Kingstown)<\/strong>. O lan\u00e7amento est\u00e1 marcado para a pr\u00f3xima segunda-feira (15).<\/p>\n\n\n\n<p>Pelos Stories do Instagram, o artista compartilhou uma postagem da Paramount+ e escreveu: \u201c<em><strong>Vamos nessaaaaa!<\/strong>\u201d.<\/em><\/p>\n\n\n\n<p>\u201c<em>Assistam \u00e0 primeira temporada antes da estreia da segunda,&nbsp;<strong>no dia 15 de janeiro!<\/strong>\u201d,<\/em>&nbsp;pediu o int\u00e9rprete do Gavi\u00e3o Arqueiro nas redes sociais.<\/p>\n\n\n\n<p>Jeremy Renner&nbsp;<strong>segue em recupera\u00e7\u00e3o do acidente<\/strong>&nbsp;que sofrera no domingo retrasado. Por conta do tratamento intensivo, o artista j\u00e1 consegue se comunicar com os f\u00e3s por mensagens.<\/p>\n\n\n\n<h2>Acidente de Jeremy Renner<\/h2>\n\n\n\n<p>O ator de 51 anos sofreu o trauma ao tentar\u00a0<strong>retirar a neve na frente de sua resid\u00eancia<\/strong>, localizada no estado de Nevada. Vale ressaltar que os Estados Unidos t\u00eam enfrentado o que consideram a \u201c<em>nevasca do s\u00e9culo<\/em>\u201d.<\/p>\n\n\n\n<p>Segundo uma testemunha, ele teria sido atingido na perna por uma&nbsp;<strong>m\u00e1quina de remover neve<\/strong>&nbsp;\u2013 o que provocou muita perda de sangue. Pouco tempo antes, o artista havia postado um v\u00eddeo dirigindo o ve\u00edculo que o atropelou.<\/p>\n\n\n\n<p>Segundo a prefeita de Reno, Hillary Schieve, o ator estava ajudando um morador que estava atolado na nevasca.<\/p>\n\n\n\n<p>Para a sorte de Renner, seu vizinho \u00e9 m\u00e9dico e prestou os\u00a0<strong>primeiros socorros<\/strong>\u00a0enquanto aguardavam a chegada dos param\u00e9dicos, que vieram por meios a\u00e9reos.<\/p>\n\n\n\n<p>Recentemente, o Vingador havia postado a foto de um carro enterrado pela neve com a legenda:&nbsp;<em>\u201ca nevada no lago Tahoe n\u00e3o \u00e9 brincadeira\u201d<\/em>.<\/p>\n\n\n\n<p>Na noite de segunda-feira (2), o representante do ator declarou que Renner estava em \u201c<strong><em>condi\u00e7\u00e3o cr\u00edtica, mas est\u00e1vel<\/em>\u201d<\/strong>.<\/p>\n\n\n\n<p><em>\u201cA fam\u00edlia de Jeremy gostaria de expressar sua gratid\u00e3o aos incr\u00edveis m\u00e9dicos e enfermeiras que cuidam dele, Truckee Meadows Fire and Rescue, Washoe County Sheriff, Reno City Mayor Hillary Schieve e as fam\u00edlias Carano e Murdock\u201d<\/em>, disse um comunicado oficial.<\/p>\n\n\n\n<p><em>\u201cEles tamb\u00e9m est\u00e3o tremendamente impressionados e agradecidos pela manifesta\u00e7\u00e3o de amor e apoio de seus f\u00e3s\u201d<\/em>, completa.<\/p>\n\n\n\n<p>At\u00e9 o momento, o Gabinete do Xerife do Condado de Washoe\u00a0<strong>n\u00e3o forneceu mais detalhes<\/strong>\u00a0sobre como aconteceu o acidente de Jeremy Renner. A equipe de investiga\u00e7\u00e3o continua estudando as circunst\u00e2ncias.<\/p>\n\n\n\n<p><\/p>\n","protected":false},"excerpt":{"rendered":"<p>O ator\u00a0Jeremy Renner, que ainda est\u00e1 internado no hospital, anunciou a data de\u00a0estreia da 2\u00aa temporada de Mayor of Kingstown (O Dono de Kingstown). O lan\u00e7amento est\u00e1 marcado para a pr\u00f3xima segunda-feira (15).<\/p>\n","protected":false},"author":1,"featured_media":357,"comment_status":"open","ping_status":"open","sticky":false,"template":"","format":"standard","meta":{"om_disable_all_campaigns":false,"_mi_skip_tracking":false},"categories":[2,4,7],"tags":[73,125,126,127,31],"aioseo_notices":[],"_links":{"self":[{"href":"http:\/\/nerdsfans.com.br\/index.php?rest_route=\/wp\/v2\/posts\/356"}],"collection":[{"href":"http:\/\/nerdsfans.com.br\/index.php?rest_route=\/wp\/v2\/posts"}],"about":[{"href":"http:\/\/nerdsfans.com.br\/index.php?rest_route=\/wp\/v2\/types\/post"}],"author":[{"embeddable":true,"href":"http:\/\/nerdsfans.com.br\/index.php?rest_route=\/wp\/v2\/users\/1"}],"replies":[{"embeddable":true,"href":"http:\/\/nerdsfans.com.br\/index.php?rest_route=%2Fwp%2Fv2%2Fcomments&post=356"}],"version-history":[{"count":1,"href":"http:\/\/nerdsfans.com.br\/index.php?rest_route=\/wp\/v2\/posts\/356\/revisions"}],"predecessor-version":[{"id":358,"href":"http:\/\/nerdsfans.com.br\/index.php?rest_route=\/wp\/v2\/posts\/356\/revisions\/358"}],"wp:featuredmedia":[{"embeddable":true,"href":"http:\/\/nerdsfans.com.br\/index.php?rest_route=\/wp\/v2\/media\/357"}],"wp:attachment":[{"href":"http:\/\/nerdsfans.com.br\/index.php?rest_route=%2Fwp%2Fv2%2Fmedia&parent=356"}],"wp:term":[{"taxonomy":"category","embeddable":true,"href":"http:\/\/nerdsfans.com.br\/index.php?rest_route=%2Fwp%2Fv2%2Fcategories&post=356"},{"taxonomy":"post_tag","embeddable":true,"href":"http:\/\/nerdsfans.com.br\/index.php?rest_route=%2Fwp%2Fv2%2Ftags&post=356"}],"curies":[{"name":"wp","href":"https:\/\/api.w.org\/{rel}","templated":true}]}}