{"id":341,"date":"2023-01-14T15:18:00","date_gmt":"2023-01-14T18:18:00","guid":{"rendered":"https:\/\/nerdsfans-com-br.preview-domain.com\/?p=341"},"modified":"2023-01-13T00:22:11","modified_gmt":"2023-01-13T03:22:11","slug":"apple-vai-contra-steve-jobs-e-planeja-lancar-macbook-com-touchscreen","status":"publish","type":"post","link":"http:\/\/nerdsfans.com.br\/?p=341","title":{"rendered":"Apple vai contra Steve Jobs e planeja lan\u00e7ar MacBook com touchscreen"},"content":{"rendered":"\n<p>Empresa estaria considerando seriamente o uso da tecnologia; notebooks da ma\u00e7\u00e3 mudariam de LCD para OLED no processo<\/p>\n\n\n\n<p>Um novo relat\u00f3rio sugere que a Apple pode finalmente seguir um pouco das tend\u00eancias de tecnologia. Ap\u00f3s muita resist\u00eancia, \u00e9 poss\u00edvel que a empresa esteja preparando os primeiros&nbsp;<strong>MacBooks<\/strong>&nbsp;com tela de toque. A novidade chegaria em 2025, mas apenas para a vers\u00e3o&nbsp;<strong>Pro<\/strong>&nbsp;do aparelho. Assim, a ma\u00e7\u00e3 se juntaria a tantas outras marcas que abra\u00e7aram a touchscreen em seus notebooks.<\/p>\n\n\n\n<p>Seguindo nomes como Dell e Samsung, a Apple pode estar trabalhando de forma ativa na produ\u00e7\u00e3o de telas de toque para seu notebook topo de linha. Isso \u00e9 o que as informa\u00e7\u00f5es do\u00a0<em>Bloomberg<\/em>\u00a0est\u00e3o dizendo.<\/p>\n\n\n\n<p>A mudan\u00e7a do modelo tradicional de display poderia chegar em 2025, o que faria a companhia substituir a tecnologia LCD por OLED nas telas de 14 e 16 polegadas do MacBook Pro. Segundo o relat\u00f3rio, os engenheiros da ma\u00e7\u00e3 estariam \u201cbastante engajados\u201d com o projeto, enquanto a marca est\u00e1 \u201cconsiderando seriamente\u201d a introdu\u00e7\u00e3o da touchscreen em suas m\u00e1quinas.<\/p>\n\n\n\n<p>Por muitos anos, as lideran\u00e7as da empresa foram resistentes a ideia. Eles consideravam que os computadores da Apple n\u00e3o precisavam disso, sempre direcionando o interesse do p\u00fablico para o iPad. O pr\u00f3prio Steve Jobs em 2010 considerava a tela de toque em notebooks algo \u201cergonomicamente terr\u00edvel\u201d.<\/p>\n\n\n\n<p>No entanto, se os relatos do Bloomberg forem corretos, a mudan\u00e7a de mentalidade poder\u00e1 ser um marco para a desenvolvedora do iPhone.<\/p>\n\n\n\n<figure class=\"wp-block-image\"><img decoding=\"async\" src=\"https:\/\/files.tecnoblog.net\/wp-content\/uploads\/2023\/01\/macbook-pro-700x394.jpg\" alt=\"MacBook Pro (Imagem: Unsplash \/ AB)\" class=\"wp-image-666652\"\/><figcaption class=\"wp-element-caption\">MacBook Pro (Imagem: Unsplash \/ AB)<\/figcaption><\/figure>\n\n\n\n<h2 id=\"h-microled-pode-dar-as-caras-no-apple-watch-e-iphone\">microLED pode dar as caras no Apple Watch e iPhone<\/h2>\n\n\n\n<p>Al\u00e9m das informa\u00e7\u00f5es sobre a touchscreen chegando para o MacBook Pro, h\u00e1 relatos de que a ma\u00e7\u00e3 est\u00e1 planejando assumir a produ\u00e7\u00e3o dos displays de seu rel\u00f3gio inteligente e, tamb\u00e9m, de seu smartphone.<\/p>\n\n\n\n<p>Sendo assim, pode ser que a\u00a0companhia esteja se ajeitando para produzir as telas in-house, sem precisar contratar nomes como a Samsung ou a LG. A mudan\u00e7a substituiria o OLED pelo microLED, que teria maior qualidade de brilho e cores mais vivas.<\/p>\n\n\n\n<p>Contudo, n\u00e3o \u00e9 s\u00f3 isso que a Apple estaria desenvolvendo internamente. H\u00e1 informa\u00e7\u00f5es de que ela quer criar um chip \u00fanico que conteria capacidades de Wi-Fi, Bluetooth e modem. Como resultado, a empresa americana n\u00e3o mais dependeria da Qualcomm em futuros iPhones.<\/p>\n\n\n\n<figure class=\"wp-block-image\"><img decoding=\"async\" src=\"https:\/\/files.tecnoblog.net\/wp-content\/uploads\/2022\/09\/captura-de-tela-2022-09-07-as-14-35-46-700x394.png\" alt=\"Apple Watch Ultra\" class=\"wp-image-639120\"\/><figcaption class=\"wp-element-caption\">Apple Watch Ultra (Imagem: Reprodu\u00e7\u00e3o \/ Apple)<\/figcaption><\/figure>\n\n\n\n<h2 id=\"h-nova-geracao-de-airpods-deve-chegar-em-2024\">Nova gera\u00e7\u00e3o de AirPods deve chegar em 2024<\/h2>\n\n\n\n<p>Por fim, uma mat\u00e9ria do\u00a0<em>9toMac<\/em>\u00a0indica que a marca deseja colocar nas lojas uma nova gera\u00e7\u00e3o de AirPods entre o fim de 2024 e o in\u00edcio de 2025. Eles seriam mais baratos que os originais, custando cerca de US$ 99, e receberiam o nome de \u201cAirPods Lite\u201d.<\/p>\n\n\n\n<p>A mesma mat\u00e9ria sugere um segundo modelo, que se chamaria \u201cAirPods Max\u201d, mas nenhum outro detalhe foi divulgado.<\/p>\n\n\n\n<p>Ao que tudo indica, o segundo semestre de 2024 poder\u00e1 mudar bastante coisa na Apple que conhecemos.<\/p>\n","protected":false},"excerpt":{"rendered":"<p>Empresa estaria considerando seriamente o uso da tecnologia; notebooks da ma\u00e7\u00e3 mudariam de LCD para OLED no processo<\/p>\n","protected":false},"author":1,"featured_media":342,"comment_status":"open","ping_status":"open","sticky":false,"template":"","format":"standard","meta":{"om_disable_all_campaigns":false,"_mi_skip_tracking":false},"categories":[102,4,100],"tags":[119,121,120,107],"aioseo_notices":[],"_links":{"self":[{"href":"http:\/\/nerdsfans.com.br\/index.php?rest_route=\/wp\/v2\/posts\/341"}],"collection":[{"href":"http:\/\/nerdsfans.com.br\/index.php?rest_route=\/wp\/v2\/posts"}],"about":[{"href":"http:\/\/nerdsfans.com.br\/index.php?rest_route=\/wp\/v2\/types\/post"}],"author":[{"embeddable":true,"href":"http:\/\/nerdsfans.com.br\/index.php?rest_route=\/wp\/v2\/users\/1"}],"replies":[{"embeddable":true,"href":"http:\/\/nerdsfans.com.br\/index.php?rest_route=%2Fwp%2Fv2%2Fcomments&post=341"}],"version-history":[{"count":1,"href":"http:\/\/nerdsfans.com.br\/index.php?rest_route=\/wp\/v2\/posts\/341\/revisions"}],"predecessor-version":[{"id":343,"href":"http:\/\/nerdsfans.com.br\/index.php?rest_route=\/wp\/v2\/posts\/341\/revisions\/343"}],"wp:featuredmedia":[{"embeddable":true,"href":"http:\/\/nerdsfans.com.br\/index.php?rest_route=\/wp\/v2\/media\/342"}],"wp:attachment":[{"href":"http:\/\/nerdsfans.com.br\/index.php?rest_route=%2Fwp%2Fv2%2Fmedia&parent=341"}],"wp:term":[{"taxonomy":"category","embeddable":true,"href":"http:\/\/nerdsfans.com.br\/index.php?rest_route=%2Fwp%2Fv2%2Fcategories&post=341"},{"taxonomy":"post_tag","embeddable":true,"href":"http:\/\/nerdsfans.com.br\/index.php?rest_route=%2Fwp%2Fv2%2Ftags&post=341"}],"curies":[{"name":"wp","href":"https:\/\/api.w.org\/{rel}","templated":true}]}}